{"id":612,"date":"2023-04-18T16:11:26","date_gmt":"2023-04-18T16:11:26","guid":{"rendered":"https:\/\/grandepacto.com.br\/?p=612"},"modified":"2023-04-18T16:14:08","modified_gmt":"2023-04-18T16:14:08","slug":"grande-pacto-seleciona-os-projetos-prioritarios-para-o-desenvolvimento-em-rio-grande","status":"publish","type":"post","link":"https:\/\/grandepacto.com.br\/index.php\/2023\/04\/18\/grande-pacto-seleciona-os-projetos-prioritarios-para-o-desenvolvimento-em-rio-grande\/","title":{"rendered":"Grande Pacto seleciona os projetos priorit\u00e1rios para o desenvolvimento em Rio Grande"},"content":{"rendered":"\t\t<div data-elementor-type=\"wp-post\" data-elementor-id=\"612\" class=\"elementor elementor-612\">\n\t\t\t\t\t\t\t\t\t<section class=\"elementor-section elementor-top-section elementor-element elementor-element-260820b1 elementor-section-boxed elementor-section-height-default elementor-section-height-default\" data-id=\"260820b1\" data-element_type=\"section\">\n\t\t\t\t\t\t<div class=\"elementor-container elementor-column-gap-default\">\n\t\t\t\t\t<div class=\"elementor-column elementor-col-100 elementor-top-column elementor-element elementor-element-29bdbdcc\" data-id=\"29bdbdcc\" data-element_type=\"column\">\n\t\t\t<div class=\"elementor-widget-wrap elementor-element-populated\">\n\t\t\t\t\t\t\t\t<div class=\"elementor-element elementor-element-4dd544b3 elementor-widget elementor-widget-text-editor\" data-id=\"4dd544b3\" data-element_type=\"widget\" data-widget_type=\"text-editor.default\">\n\t\t\t\t<div class=\"elementor-widget-container\">\n\t\t\t<style>\/*! elementor - v3.13.2 - 11-05-2023 *\/\n.elementor-widget-text-editor.elementor-drop-cap-view-stacked .elementor-drop-cap{background-color:#69727d;color:#fff}.elementor-widget-text-editor.elementor-drop-cap-view-framed .elementor-drop-cap{color:#69727d;border:3px solid;background-color:transparent}.elementor-widget-text-editor:not(.elementor-drop-cap-view-default) .elementor-drop-cap{margin-top:8px}.elementor-widget-text-editor:not(.elementor-drop-cap-view-default) .elementor-drop-cap-letter{width:1em;height:1em}.elementor-widget-text-editor .elementor-drop-cap{float:left;text-align:center;line-height:1;font-size:50px}.elementor-widget-text-editor .elementor-drop-cap-letter{display:inline-block}<\/style>\t\t\t\t<p dir=\"ltr\"><span id=\"m_3995164553502128090docs-internal-guid-acddb35d-7fff-92e9-c973-1170e4fbbebf\">A Mesa do Grande Pacto definiu nesta segunda-feira (17) a prioriza\u00e7\u00e3o dos 18 projetos que ser\u00e3o apoiados pelo programa. Atrav\u00e9s da vota\u00e7\u00e3o com toda a Mesa que integra a rede voltada para o desenvolvimento socioecon\u00f4mico da cidade do Rio Grande, foram indicados os projetos que receber\u00e3o o apoio do Grande Pacto para come\u00e7arem as suas a\u00e7\u00f5es. Ao longo dos \u00faltimos meses, o Pacto realizou workshops para orientar e esclarecer \u00e0s entidades e empresas interessadas sobre como submeter os seus projetos.<\/span><\/p>\n&nbsp;\n<p dir=\"ltr\"><span id=\"m_3995164553502128090docs-internal-guid-acddb35d-7fff-92e9-c973-1170e4fbbebf\">O objetivo da vota\u00e7\u00e3o foi selecionar propostas para trabalhar em cada um dos desafios que o Grande Pacto atua: Talentos, Empreendedorismo e Inova\u00e7\u00e3o, Comunica\u00e7\u00e3o, Infraestrutura, Internacionaliza\u00e7\u00e3o e Atra\u00e7\u00e3o de Empresas, Infraestrutura e ainda Estrat\u00e9gia para Economia Azul e Sustentabilidade. Os projetos apresentados precisavam incluir solu\u00e7\u00f5es para problemas bem delimitados e com expectativa de resultados em seis meses. Devido \u00e0 relev\u00e2ncia e qualidade das propostas submetidas, a Mesa do Grande Pacto concordou em priorizar os 18 projetos.<\/span><\/p>\n&nbsp;\n<p dir=\"ltr\"><span id=\"m_3995164553502128090docs-internal-guid-acddb35d-7fff-92e9-c973-1170e4fbbebf\">Com a vota\u00e7\u00e3o das prioridades, o pr\u00f3ximo passo \u00e9 que cada grupo de trabalho com seu respectivo desafio possa atuar em conjunto com os proponentes dos projetos para a viabiliza\u00e7\u00e3o das estrat\u00e9gias previstas, construindo os projetos a quatro v\u00e1rias m\u00e3os. Outras institui\u00e7\u00f5es que estiverem interessadas tamb\u00e9m poder\u00e3o colaborar nos projetos aprovados. O Grande Pacto atuar\u00e1 principalmente como uma rede para impulsionar os projetos e conectar agentes que possam contribuir para a sua realiza\u00e7\u00e3o.\u00a0<\/span><\/p>\n&nbsp;\n<p dir=\"ltr\"><span id=\"m_3995164553502128090docs-internal-guid-acddb35d-7fff-92e9-c973-1170e4fbbebf\">Confira os 18 projetos priorit\u00e1rios e as respectivas institui\u00e7\u00f5es proponentes:\u00a0<\/span><\/p>\n&nbsp;\n<p dir=\"ltr\"><span id=\"m_3995164553502128090docs-internal-guid-acddb35d-7fff-92e9-c973-1170e4fbbebf\">Talentos<\/span><\/p>\n\n<ul>\n \t<li dir=\"ltr\" aria-level=\"1\">\n<p dir=\"ltr\" role=\"presentation\"><span id=\"m_3995164553502128090docs-internal-guid-acddb35d-7fff-92e9-c973-1170e4fbbebf\">Hub Inova\u00e7\u00e3o e Forma\u00e7\u00e3o de Talentos (Sebrae)<\/span><\/p>\n<\/li>\n \t<li dir=\"ltr\" aria-level=\"1\">\n<p dir=\"ltr\" role=\"presentation\"><span id=\"m_3995164553502128090docs-internal-guid-acddb35d-7fff-92e9-c973-1170e4fbbebf\">Blue School (Prefeitura Municipal do Rio Grande)<\/span><\/p>\n<\/li>\n \t<li dir=\"ltr\" aria-level=\"1\">\n<p dir=\"ltr\" role=\"presentation\"><span id=\"m_3995164553502128090docs-internal-guid-acddb35d-7fff-92e9-c973-1170e4fbbebf\">Cultura N\u00e1utica (Sebrae)<\/span><\/p>\n<\/li>\n \t<li dir=\"ltr\" aria-level=\"1\">\n<p dir=\"ltr\" role=\"presentation\"><span id=\"m_3995164553502128090docs-internal-guid-acddb35d-7fff-92e9-c973-1170e4fbbebf\">Rede Fam\u00edlia Rio-Grandina (Prefeitura Municipal do Rio Grande)<\/span><\/p>\n<\/li>\n<\/ul>\n&nbsp;\n<p dir=\"ltr\"><span id=\"m_3995164553502128090docs-internal-guid-acddb35d-7fff-92e9-c973-1170e4fbbebf\">Empreendedorismo<\/span><\/p>\n\n<ul>\n \t<li dir=\"ltr\" aria-level=\"1\">\n<p dir=\"ltr\" role=\"presentation\"><span id=\"m_3995164553502128090docs-internal-guid-acddb35d-7fff-92e9-c973-1170e4fbbebf\">Escolha de Investidores e Aceleradora de Startups (C\u00e2mara de Com\u00e9rcio da Cidade do Rio Grande)<\/span><\/p>\n<\/li>\n \t<li dir=\"ltr\" aria-level=\"1\">\n<p dir=\"ltr\" role=\"presentation\"><span id=\"m_3995164553502128090docs-internal-guid-acddb35d-7fff-92e9-c973-1170e4fbbebf\">Programa\u00e7\u00e3o de Pr\u00e9 Incuba\u00e7\u00e3o (FURG)<\/span><\/p>\n<\/li>\n \t<li dir=\"ltr\" aria-level=\"1\">\n<p dir=\"ltr\" role=\"presentation\"><span id=\"m_3995164553502128090docs-internal-guid-acddb35d-7fff-92e9-c973-1170e4fbbebf\">Economia Popular e Solid\u00e1ria (FURG)<\/span><\/p>\n<\/li>\n<\/ul>\n&nbsp;\n<p dir=\"ltr\"><span id=\"m_3995164553502128090docs-internal-guid-acddb35d-7fff-92e9-c973-1170e4fbbebf\">Internacionaliza\u00e7\u00e3o<\/span><\/p>\n\n<ul>\n \t<li dir=\"ltr\" aria-level=\"1\">\n<p dir=\"ltr\" role=\"presentation\"><span id=\"m_3995164553502128090docs-internal-guid-acddb35d-7fff-92e9-c973-1170e4fbbebf\">Hub Port (Portos RS)<\/span><\/p>\n<\/li>\n \t<li dir=\"ltr\" aria-level=\"1\">\n<p dir=\"ltr\" role=\"presentation\"><span id=\"m_3995164553502128090docs-internal-guid-acddb35d-7fff-92e9-c973-1170e4fbbebf\">Ag\u00eancia de Desenvolvimento (C\u00e2mara de Com\u00e9rcio da Cidade do Rio Grande)<\/span><\/p>\n<\/li>\n<\/ul>\n&nbsp;\n<p dir=\"ltr\"><span id=\"m_3995164553502128090docs-internal-guid-acddb35d-7fff-92e9-c973-1170e4fbbebf\">Infraestrutura<\/span><\/p>\n\n<ul>\n \t<li dir=\"ltr\" aria-level=\"1\">\n<p dir=\"ltr\" role=\"presentation\"><span id=\"m_3995164553502128090docs-internal-guid-acddb35d-7fff-92e9-c973-1170e4fbbebf\">PELT &#8211; Programa Estudo Log\u00edstica e Transportes RS (Portos RS)<\/span><\/p>\n<\/li>\n \t<li dir=\"ltr\" aria-level=\"1\">\n<p dir=\"ltr\" role=\"presentation\"><span id=\"m_3995164553502128090docs-internal-guid-acddb35d-7fff-92e9-c973-1170e4fbbebf\">VTS &#8211; Servi\u00e7o de Tr\u00e1fego de Informa\u00e7\u00f5es (Portos RS)<\/span><\/p>\n<\/li>\n<\/ul>\n&nbsp;\n<p dir=\"ltr\"><span id=\"m_3995164553502128090docs-internal-guid-acddb35d-7fff-92e9-c973-1170e4fbbebf\">Economia Azul<\/span><\/p>\n\n<ul>\n \t<li dir=\"ltr\" aria-level=\"1\">\n<p dir=\"ltr\" role=\"presentation\"><span id=\"m_3995164553502128090docs-internal-guid-acddb35d-7fff-92e9-c973-1170e4fbbebf\">Estrutura\u00e7\u00e3o do Circuito Tur\u00edstico (Prefeitura Municipal do Rio Grande\/Sebrae)<\/span><\/p>\n<\/li>\n \t<li dir=\"ltr\" aria-level=\"1\">\n<p dir=\"ltr\" role=\"presentation\"><span id=\"m_3995164553502128090docs-internal-guid-acddb35d-7fff-92e9-c973-1170e4fbbebf\">Centro de Pesquisa e Desenvolvimento (FURG)<\/span><\/p>\n<\/li>\n \t<li dir=\"ltr\" aria-level=\"1\">\n<p dir=\"ltr\" role=\"presentation\"><span id=\"m_3995164553502128090docs-internal-guid-acddb35d-7fff-92e9-c973-1170e4fbbebf\">Plano de Desenvolvimento Economia do Mar (APL Mar\u00edtimo RS)<\/span><\/p>\n<\/li>\n \t<li dir=\"ltr\" aria-level=\"1\">\n<p dir=\"ltr\" role=\"presentation\"><span id=\"m_3995164553502128090docs-internal-guid-acddb35d-7fff-92e9-c973-1170e4fbbebf\">Deep Dive Case Studies (APL Mar\u00edtimo RS)<\/span><\/p>\n<\/li>\n<\/ul>\n&nbsp;\n<p dir=\"ltr\"><span id=\"m_3995164553502128090docs-internal-guid-acddb35d-7fff-92e9-c973-1170e4fbbebf\">Comunica\u00e7\u00e3o<\/span><\/p>\n\n<ul>\n \t<li dir=\"ltr\" aria-level=\"1\">\n<p dir=\"ltr\" role=\"presentation\"><span id=\"m_3995164553502128090docs-internal-guid-acddb35d-7fff-92e9-c973-1170e4fbbebf\">Plataforma de Comunica\u00e7\u00e3o (Prefeitura Municipal do Rio Grande)<\/span><\/p>\n<\/li>\n \t<li dir=\"ltr\" aria-level=\"1\">\n<p dir=\"ltr\" role=\"presentation\"><span id=\"m_3995164553502128090docs-internal-guid-acddb35d-7fff-92e9-c973-1170e4fbbebf\">Onde os Ventos se Encontram (Rio Grande Yatch Club)<\/span><\/p>\n<\/li>\n \t<li dir=\"ltr\" aria-level=\"1\">\n<p dir=\"ltr\" role=\"presentation\"><span id=\"m_3995164553502128090docs-internal-guid-acddb35d-7fff-92e9-c973-1170e4fbbebf\">Marca da cidade e mascote (Prefeitura Municipal do Rio Grande)<\/span><\/p>\n<\/li>\n<\/ul>\t\t\t\t\t\t<\/div>\n\t\t\t\t<\/div>\n\t\t\t\t\t<\/div>\n\t\t<\/div>\n\t\t\t\t\t\t\t<\/div>\n\t\t<\/section>\n\t\t\t\t\t\t\t<\/div>\n\t\t","protected":false},"excerpt":{"rendered":"<p>A Mesa do Grande Pacto definiu nesta segunda-feira (17) a prioriza\u00e7\u00e3o dos 18 projetos que ser\u00e3o apoiados pelo programa. Atrav\u00e9s da vota\u00e7\u00e3o com toda a Mesa que integra a rede voltada para o desenvolvimento socioecon\u00f4mico da cidade do Rio Grande, foram indicados os projetos que receber\u00e3o o apoio do Grande Pacto para come\u00e7arem as suas&hellip; <a class=\"more-link\" href=\"https:\/\/grandepacto.com.br\/index.php\/2023\/04\/18\/grande-pacto-seleciona-os-projetos-prioritarios-para-o-desenvolvimento-em-rio-grande\/\">Continuar lendo <span class=\"screen-reader-text\">Grande Pacto seleciona os projetos priorit\u00e1rios para o desenvolvimento em Rio Grande<\/span><\/a><\/p>\n","protected":false},"author":2,"featured_media":613,"comment_status":"open","ping_status":"open","sticky":false,"template":"","format":"standard","meta":{"footnotes":""},"categories":[1],"tags":[],"_links":{"self":[{"href":"https:\/\/grandepacto.com.br\/index.php\/wp-json\/wp\/v2\/posts\/612"}],"collection":[{"href":"https:\/\/grandepacto.com.br\/index.php\/wp-json\/wp\/v2\/posts"}],"about":[{"href":"https:\/\/grandepacto.com.br\/index.php\/wp-json\/wp\/v2\/types\/post"}],"author":[{"embeddable":true,"href":"https:\/\/grandepacto.com.br\/index.php\/wp-json\/wp\/v2\/users\/2"}],"replies":[{"embeddable":true,"href":"https:\/\/grandepacto.com.br\/index.php\/wp-json\/wp\/v2\/comments?post=612"}],"version-history":[{"count":4,"href":"https:\/\/grandepacto.com.br\/index.php\/wp-json\/wp\/v2\/posts\/612\/revisions"}],"predecessor-version":[{"id":617,"href":"https:\/\/grandepacto.com.br\/index.php\/wp-json\/wp\/v2\/posts\/612\/revisions\/617"}],"wp:featuredmedia":[{"embeddable":true,"href":"https:\/\/grandepacto.com.br\/index.php\/wp-json\/wp\/v2\/media\/613"}],"wp:attachment":[{"href":"https:\/\/grandepacto.com.br\/index.php\/wp-json\/wp\/v2\/media?parent=612"}],"wp:term":[{"taxonomy":"category","embeddable":true,"href":"https:\/\/grandepacto.com.br\/index.php\/wp-json\/wp\/v2\/categories?post=612"},{"taxonomy":"post_tag","embeddable":true,"href":"https:\/\/grandepacto.com.br\/index.php\/wp-json\/wp\/v2\/tags?post=612"}],"curies":[{"name":"wp","href":"https:\/\/api.w.org\/{rel}","templated":true}]}}