{"id":533,"date":"2023-02-07T13:03:42","date_gmt":"2023-02-07T13:03:42","guid":{"rendered":"https:\/\/grandepacto.com.br\/?p=533"},"modified":"2023-02-07T13:05:32","modified_gmt":"2023-02-07T13:05:32","slug":"oficina-de-planejamento-de-projetos-do-grande-pacto-esta-com-inscricoes-abertas","status":"publish","type":"post","link":"https:\/\/grandepacto.com.br\/index.php\/2023\/02\/07\/oficina-de-planejamento-de-projetos-do-grande-pacto-esta-com-inscricoes-abertas\/","title":{"rendered":"Oficina de Planejamento de Projetos do Grande Pacto est\u00e1 com inscri\u00e7\u00f5es abertas"},"content":{"rendered":"\t\t<div data-elementor-type=\"wp-post\" data-elementor-id=\"533\" class=\"elementor elementor-533\">\n\t\t\t\t\t\t\t\t\t<section class=\"elementor-section elementor-top-section elementor-element elementor-element-10e64a1c elementor-section-boxed elementor-section-height-default elementor-section-height-default\" data-id=\"10e64a1c\" data-element_type=\"section\">\n\t\t\t\t\t\t<div class=\"elementor-container elementor-column-gap-default\">\n\t\t\t\t\t<div class=\"elementor-column elementor-col-100 elementor-top-column elementor-element elementor-element-1971eaef\" data-id=\"1971eaef\" data-element_type=\"column\">\n\t\t\t<div class=\"elementor-widget-wrap elementor-element-populated\">\n\t\t\t\t\t\t\t\t<div class=\"elementor-element elementor-element-6470a503 elementor-widget elementor-widget-text-editor\" data-id=\"6470a503\" data-element_type=\"widget\" data-widget_type=\"text-editor.default\">\n\t\t\t\t<div class=\"elementor-widget-container\">\n\t\t\t<style>\/*! elementor - v3.13.2 - 11-05-2023 *\/\n.elementor-widget-text-editor.elementor-drop-cap-view-stacked .elementor-drop-cap{background-color:#69727d;color:#fff}.elementor-widget-text-editor.elementor-drop-cap-view-framed .elementor-drop-cap{color:#69727d;border:3px solid;background-color:transparent}.elementor-widget-text-editor:not(.elementor-drop-cap-view-default) .elementor-drop-cap{margin-top:8px}.elementor-widget-text-editor:not(.elementor-drop-cap-view-default) .elementor-drop-cap-letter{width:1em;height:1em}.elementor-widget-text-editor .elementor-drop-cap{float:left;text-align:center;line-height:1;font-size:50px}.elementor-widget-text-editor .elementor-drop-cap-letter{display:inline-block}<\/style>\t\t\t\t<p style=\"text-align: justify;\">As empresas e institui\u00e7\u00f5es interessadas em apresentar propostas para o Grande Pacto pela Inova\u00e7\u00e3o, em Rio Grande, poder\u00e3o participar da Oficina de Planejamento de Projetos, no dia 09. A atividade gratuita acontecer\u00e1 no Audit\u00f3rio da C\u00e2mara de Com\u00e9rcio da Cidade do Rio Grande (Rua, Pr. Xavier Ferreira, 430 &#8211; Centro, Rio Grande), \u00e0s 19h, e abordar\u00e1 desde o preenchimento do formul\u00e1rio de inscri\u00e7\u00e3o at\u00e9 pr\u00e9-requisitos, boas pr\u00e1ticas e gerenciamento de projetos. A oficina \u00e9 limitada a 100 vagas e as inscri\u00e7\u00f5es est\u00e3o dispon\u00edveis no site\u00a0<a href=\"http:\/\/www.grandepacto.com.br\/\" target=\"_blank\" rel=\"noopener\" data-saferedirecturl=\"https:\/\/www.google.com\/url?q=http:\/\/www.grandepacto.com.br&amp;source=gmail&amp;ust=1675861210468000&amp;usg=AOvVaw2FyflxTVlApqO1Bg1wEnG_\">www.grandepacto.com.br<\/a>.<\/p><p>\u00a0<\/p><p>O objetivo da a\u00e7\u00e3o \u00e9 orientar quem possui ideias inovadoras e deseja submet\u00ea-las para receber o apoio do Grande Pacto para potencializar a sua realiza\u00e7\u00e3o. Os projetos dever\u00e3o estar alinhados com os macrodesafios definidos pelo Grande Pacto &#8211; Governan\u00e7a, Talento, Comunica\u00e7\u00e3o, Empreendedorismo e Inova\u00e7\u00e3o, Estrat\u00e9gia para Economia Azul e Sustentabilidade, Internacionaliza\u00e7\u00e3o e Atra\u00e7\u00e3o de empresas, Infraestrutura &#8211; para alcan\u00e7ar a vis\u00e3o de futuro, que \u00e9 se tornar uma refer\u00eancia internacional na economia do mar.<\/p>\t\t\t\t\t\t<\/div>\n\t\t\t\t<\/div>\n\t\t\t\t\t<\/div>\n\t\t<\/div>\n\t\t\t\t\t\t\t<\/div>\n\t\t<\/section>\n\t\t\t\t\t\t\t<\/div>\n\t\t","protected":false},"excerpt":{"rendered":"<p>As empresas e institui\u00e7\u00f5es interessadas em apresentar propostas para o Grande Pacto pela Inova\u00e7\u00e3o, em Rio Grande, poder\u00e3o participar da Oficina de Planejamento de Projetos, no dia 09. A atividade gratuita acontecer\u00e1 no Audit\u00f3rio da C\u00e2mara de Com\u00e9rcio da Cidade do Rio Grande (Rua, Pr. Xavier Ferreira, 430 &#8211; Centro, Rio Grande), \u00e0s 19h, e&hellip; <a class=\"more-link\" href=\"https:\/\/grandepacto.com.br\/index.php\/2023\/02\/07\/oficina-de-planejamento-de-projetos-do-grande-pacto-esta-com-inscricoes-abertas\/\">Continuar lendo <span class=\"screen-reader-text\">Oficina de Planejamento de Projetos do Grande Pacto est\u00e1 com inscri\u00e7\u00f5es abertas<\/span><\/a><\/p>\n","protected":false},"author":2,"featured_media":534,"comment_status":"open","ping_status":"open","sticky":false,"template":"","format":"standard","meta":{"footnotes":""},"categories":[8],"tags":[11,12],"_links":{"self":[{"href":"https:\/\/grandepacto.com.br\/index.php\/wp-json\/wp\/v2\/posts\/533"}],"collection":[{"href":"https:\/\/grandepacto.com.br\/index.php\/wp-json\/wp\/v2\/posts"}],"about":[{"href":"https:\/\/grandepacto.com.br\/index.php\/wp-json\/wp\/v2\/types\/post"}],"author":[{"embeddable":true,"href":"https:\/\/grandepacto.com.br\/index.php\/wp-json\/wp\/v2\/users\/2"}],"replies":[{"embeddable":true,"href":"https:\/\/grandepacto.com.br\/index.php\/wp-json\/wp\/v2\/comments?post=533"}],"version-history":[{"count":5,"href":"https:\/\/grandepacto.com.br\/index.php\/wp-json\/wp\/v2\/posts\/533\/revisions"}],"predecessor-version":[{"id":539,"href":"https:\/\/grandepacto.com.br\/index.php\/wp-json\/wp\/v2\/posts\/533\/revisions\/539"}],"wp:featuredmedia":[{"embeddable":true,"href":"https:\/\/grandepacto.com.br\/index.php\/wp-json\/wp\/v2\/media\/534"}],"wp:attachment":[{"href":"https:\/\/grandepacto.com.br\/index.php\/wp-json\/wp\/v2\/media?parent=533"}],"wp:term":[{"taxonomy":"category","embeddable":true,"href":"https:\/\/grandepacto.com.br\/index.php\/wp-json\/wp\/v2\/categories?post=533"},{"taxonomy":"post_tag","embeddable":true,"href":"https:\/\/grandepacto.com.br\/index.php\/wp-json\/wp\/v2\/tags?post=533"}],"curies":[{"name":"wp","href":"https:\/\/api.w.org\/{rel}","templated":true}]}}