{"id":453,"date":"2022-12-20T12:58:55","date_gmt":"2022-12-20T12:58:55","guid":{"rendered":"https:\/\/grandepacto.com.br\/?p=453"},"modified":"2023-01-23T13:43:45","modified_gmt":"2023-01-23T13:43:45","slug":"grande-pacto-pela-inovacao-em-rio-grande-sera-lancado-nesta-terca-feira-20","status":"publish","type":"post","link":"https:\/\/grandepacto.com.br\/index.php\/2022\/12\/20\/grande-pacto-pela-inovacao-em-rio-grande-sera-lancado-nesta-terca-feira-20\/","title":{"rendered":"Grande Pacto pela Inova\u00e7\u00e3o em Rio Grande ser\u00e1 lan\u00e7ado nesta ter\u00e7a-feira (20)"},"content":{"rendered":"<p>O lan\u00e7amento do\u00a0Grande\u00a0Pacto\u00a0pela Inova\u00e7\u00e3o na cidade do Rio\u00a0Grande\u00a0est\u00e1 confirmado para o dia 20, no Cidec-Sul (FURG), \u00e0s 9h. Na ocasi\u00e3o, a comunidade rio-grandina conhecer\u00e1 a identidade visual, a vis\u00e3o de futuro, os macrodesafios e os projetos que j\u00e1 est\u00e3o em andamento na iniciativa que re\u00fane atores p\u00fablicos e privados para estimular o desenvolvimento econ\u00f4mico e social no munic\u00edpio. A presen\u00e7a no lan\u00e7amento deve ser confirmada online, de acordo com a capacidade do espa\u00e7o, no link\u00a0<a href=\"https:\/\/revlink.reversocomunicacao.com.br\/cl\/PO2yk\/A\/d2de\/0\/BLrF\/LtEAoRQcwAk\/1\/\">https:\/\/www.sympla.com.br\/evento\/lancamento-grande-pacto-pela-inovacao\/1809797<\/a>.<\/p>\n<p>O evento contar\u00e1 com a presen\u00e7a do Especialista e Consultor espanhol Josep Piqu\u00e9, que tem auxiliado Rio\u00a0Grande\u00a0no projeto Cidade Inovadora. A proposta do\u00a0pacto\u00a0\u00e9 reunir agentes do Poder P\u00fablico, Universidades, Iniciativa Privada e Sociedade Civil Organizada e criar iniciativas para gerar mais inova\u00e7\u00e3o, atrair investimentos e fomentar o ambiente positivo ao empreendedorismo e startups.<\/p>\n<p>O grupo de trabalho que vem atuando na constru\u00e7\u00e3o do\u00a0Grande\u00a0Pacto\u00a0j\u00e1 passou por dois m\u00f3dulos de prepara\u00e7\u00e3o de um ambiente favor\u00e1vel \u00e0 inova\u00e7\u00e3o no munic\u00edpio. At\u00e9 o momento, foram realizadas reuni\u00f5es e entrevistas para diagnosticar o cen\u00e1rio dos agentes p\u00fablicos e prepar\u00e1-los para a conex\u00e3o com as demais pontas da qu\u00e1drupla h\u00e9lice. A cidade tamb\u00e9m est\u00e1 se preparando para essa nova fase com novidades como a atualiza\u00e7\u00e3o na Lei Municipal de Inova\u00e7\u00e3o e a cria\u00e7\u00e3o do Fundo de Inova\u00e7\u00e3o, que dever\u00e1 levantar cerca de R$ 10 milh\u00f5es nos pr\u00f3ximos anos para investimentos na \u00e1rea.<\/p>\n<p>O\u00a0Grande\u00a0Pacto\u00a0pela Inova\u00e7\u00e3o em Rio\u00a0Grande\u00a0\u00e9 um projeto executado pela Cidade Inovadora, por meio da parceria com o Programa Cidade Empreendedora do Sebrae.<\/p>\n<p><b>SERVI\u00c7O<\/b><br \/>\nO qu\u00ea: lan\u00e7amento do\u00a0Grande\u00a0Pacto\u00a0pela Inova\u00e7\u00e3o<\/p>\n<p>Data: 20\/12, \u00e0s 9h<\/p>\n<p>Local: Cidec-Sul (FURG &#8211; Av. It\u00e1lia s\/n\u00famero, KM 8)<\/p>\n","protected":false},"excerpt":{"rendered":"<p>O lan\u00e7amento do\u00a0Grande\u00a0Pacto\u00a0pela Inova\u00e7\u00e3o na cidade do Rio\u00a0Grande\u00a0est\u00e1 confirmado para o dia 20, no Cidec-Sul (FURG), \u00e0s 9h.<\/p>\n","protected":false},"author":1,"featured_media":233,"comment_status":"open","ping_status":"open","sticky":false,"template":"","format":"standard","meta":{"footnotes":""},"categories":[8],"tags":[],"_links":{"self":[{"href":"https:\/\/grandepacto.com.br\/index.php\/wp-json\/wp\/v2\/posts\/453"}],"collection":[{"href":"https:\/\/grandepacto.com.br\/index.php\/wp-json\/wp\/v2\/posts"}],"about":[{"href":"https:\/\/grandepacto.com.br\/index.php\/wp-json\/wp\/v2\/types\/post"}],"author":[{"embeddable":true,"href":"https:\/\/grandepacto.com.br\/index.php\/wp-json\/wp\/v2\/users\/1"}],"replies":[{"embeddable":true,"href":"https:\/\/grandepacto.com.br\/index.php\/wp-json\/wp\/v2\/comments?post=453"}],"version-history":[{"count":2,"href":"https:\/\/grandepacto.com.br\/index.php\/wp-json\/wp\/v2\/posts\/453\/revisions"}],"predecessor-version":[{"id":503,"href":"https:\/\/grandepacto.com.br\/index.php\/wp-json\/wp\/v2\/posts\/453\/revisions\/503"}],"wp:featuredmedia":[{"embeddable":true,"href":"https:\/\/grandepacto.com.br\/index.php\/wp-json\/wp\/v2\/media\/233"}],"wp:attachment":[{"href":"https:\/\/grandepacto.com.br\/index.php\/wp-json\/wp\/v2\/media?parent=453"}],"wp:term":[{"taxonomy":"category","embeddable":true,"href":"https:\/\/grandepacto.com.br\/index.php\/wp-json\/wp\/v2\/categories?post=453"},{"taxonomy":"post_tag","embeddable":true,"href":"https:\/\/grandepacto.com.br\/index.php\/wp-json\/wp\/v2\/tags?post=453"}],"curies":[{"name":"wp","href":"https:\/\/api.w.org\/{rel}","templated":true}]}}