{"id":451,"date":"2023-01-23T12:58:00","date_gmt":"2023-01-23T12:58:00","guid":{"rendered":"https:\/\/grandepacto.com.br\/?p=451"},"modified":"2023-01-23T12:58:00","modified_gmt":"2023-01-23T12:58:00","slug":"grande-pacto-pela-inovacao-em-rio-grande-sera-lancado-dia-20","status":"publish","type":"post","link":"https:\/\/grandepacto.com.br\/index.php\/2023\/01\/23\/grande-pacto-pela-inovacao-em-rio-grande-sera-lancado-dia-20\/","title":{"rendered":"Grande Pacto pela Inova\u00e7\u00e3o em Rio Grande ser\u00e1 lan\u00e7ado dia 20"},"content":{"rendered":"<p>O Projeto Rio\u00a0Grande\u00a0Cidade Inovadora lan\u00e7ar\u00e1 mais uma a\u00e7\u00e3o importante nos dias 19 e 20 de dezembro com a apresenta\u00e7\u00e3o do\u00a0Grande\u00a0Pacto\u00a0pela Inova\u00e7\u00e3o. A proposta do\u00a0pacto\u00a0\u00e9 reunir agentes do Poder P\u00fablico, Universidades, Iniciativa Privada e Sociedade Civil Organizada e criar iniciativas para gerar mais inova\u00e7\u00e3o, atrair investimentos e fomentar o ambiente positivo ao empreendedorismo e startups. O\u00a0Grande\u00a0Pacto\u00a0ser\u00e1 anunciado de forma aberta \u00e0 toda comunidade no dia 20, \u00e0s 9h, no CIDEC-Sul, e contar\u00e1 com a presen\u00e7a do Especialista e Consultor espanhol Josep Pique, que tem auxiliado Rio\u00a0Grande\u00a0no projeto Cidade Inovadora. A presen\u00e7a pode ser confirmada online no link\u00a0<a href=\"https:\/\/revlink.reversocomunicacao.com.br\/cl\/POzas\/A\/afcf\/0\/BLrF\/LtEAoRQcwAk\/1\/\">https:\/\/www.sympla.com.br\/evento\/lancamento-grande-pacto-pela-inovacao\/1809797<\/a>.<\/p>\n<p>A agenda de lan\u00e7amento do\u00a0Grande\u00a0Pacto\u00a0iniciar\u00e1 no dia 19, \u00e0s 9h, onde um grupo convidado realizar\u00e1 uma visita ao Oceantec\/FURG. Durante a tarde, \u00e0s 15h, haver\u00e1 ainda um workshop para aprender a cocriar a vis\u00e3o de futuro da cidade. No dia 20, o CIDEC-Sul receber\u00e1 o evento de lan\u00e7amento oficial com a apresenta\u00e7\u00e3o da marca e das primeiras a\u00e7\u00f5es realizadas no projeto. Toda a comunidade rio-grandina est\u00e1 convidada para acompanhar o evento no dia 20.<\/p>\n<p>O grupo de trabalho que vem atuando na constru\u00e7\u00e3o do\u00a0Grande\u00a0Pacto\u00a0j\u00e1 passou por dois m\u00f3dulos de prepara\u00e7\u00e3o de um ambiente favor\u00e1vel \u00e0 inova\u00e7\u00e3o no munic\u00edpio. Foram realizadas reuni\u00f5es e entrevistas para diagnosticar o cen\u00e1rio dos agentes p\u00fablicos e prepar\u00e1-los para a conex\u00e3o com as demais pontas da qu\u00e1drupla h\u00e9lice, que come\u00e7a a acontecer a partir das pr\u00f3ximas etapas.<\/p>\n<p>O\u00a0Grande\u00a0Pacto\u00a0pela Inova\u00e7\u00e3o em Rio\u00a0Grande\u00a0\u00e9 um projeto executado pela Cidade Inovadora, por meio da parceria com o Programa Cidade Empreendedora do Sebrae.<\/p>\n<p><b>SERVI\u00c7O<\/b><br \/>\nO qu\u00ea: lan\u00e7amento do\u00a0Grande\u00a0Pacto\u00a0pela Inova\u00e7\u00e3o<\/p>\n<p>Data: 20\/12, \u00e0s 9h<\/p>\n<p>Local: CIDEC-Sul (FURG &#8211; Campus Carreiros)<\/p>\n","protected":false},"excerpt":{"rendered":"<p>O Projeto Rio\u00a0Grande\u00a0Cidade Inovadora lan\u00e7ar\u00e1 mais uma a\u00e7\u00e3o importante nos dias 19 e 20 de dezembro com a apresenta\u00e7\u00e3o do\u00a0Grande\u00a0Pacto\u00a0pela Inova\u00e7\u00e3o. A proposta do\u00a0pacto\u00a0\u00e9 reunir agentes do Poder P\u00fablico, Universidades, Iniciativa Privada e Sociedade Civil Organizada e criar iniciativas para gerar mais inova\u00e7\u00e3o, atrair investimentos e fomentar o ambiente positivo ao empreendedorismo e startups. O\u00a0Grande\u00a0Pacto\u00a0ser\u00e1&hellip; <a class=\"more-link\" href=\"https:\/\/grandepacto.com.br\/index.php\/2023\/01\/23\/grande-pacto-pela-inovacao-em-rio-grande-sera-lancado-dia-20\/\">Continuar lendo <span class=\"screen-reader-text\">Grande Pacto pela Inova\u00e7\u00e3o em Rio Grande ser\u00e1 lan\u00e7ado dia 20<\/span><\/a><\/p>\n","protected":false},"author":1,"featured_media":232,"comment_status":"open","ping_status":"open","sticky":false,"template":"","format":"standard","meta":{"footnotes":""},"categories":[8],"tags":[],"_links":{"self":[{"href":"https:\/\/grandepacto.com.br\/index.php\/wp-json\/wp\/v2\/posts\/451"}],"collection":[{"href":"https:\/\/grandepacto.com.br\/index.php\/wp-json\/wp\/v2\/posts"}],"about":[{"href":"https:\/\/grandepacto.com.br\/index.php\/wp-json\/wp\/v2\/types\/post"}],"author":[{"embeddable":true,"href":"https:\/\/grandepacto.com.br\/index.php\/wp-json\/wp\/v2\/users\/1"}],"replies":[{"embeddable":true,"href":"https:\/\/grandepacto.com.br\/index.php\/wp-json\/wp\/v2\/comments?post=451"}],"version-history":[{"count":1,"href":"https:\/\/grandepacto.com.br\/index.php\/wp-json\/wp\/v2\/posts\/451\/revisions"}],"predecessor-version":[{"id":452,"href":"https:\/\/grandepacto.com.br\/index.php\/wp-json\/wp\/v2\/posts\/451\/revisions\/452"}],"wp:featuredmedia":[{"embeddable":true,"href":"https:\/\/grandepacto.com.br\/index.php\/wp-json\/wp\/v2\/media\/232"}],"wp:attachment":[{"href":"https:\/\/grandepacto.com.br\/index.php\/wp-json\/wp\/v2\/media?parent=451"}],"wp:term":[{"taxonomy":"category","embeddable":true,"href":"https:\/\/grandepacto.com.br\/index.php\/wp-json\/wp\/v2\/categories?post=451"},{"taxonomy":"post_tag","embeddable":true,"href":"https:\/\/grandepacto.com.br\/index.php\/wp-json\/wp\/v2\/tags?post=451"}],"curies":[{"name":"wp","href":"https:\/\/api.w.org\/{rel}","templated":true}]}}